{"id":3777,"date":"2017-05-19T09:40:13","date_gmt":"2017-05-19T08:40:13","guid":{"rendered":"https:\/\/brain.wales\/2017\/05\/mae-genyn-hd-etifeddol-yn-bwrw-cysgod-dros-ein-bywydau\/"},"modified":"2026-04-10T14:12:41","modified_gmt":"2026-04-10T13:12:41","slug":"mae-genyn-hd-etifeddol-yn-bwrw-cysgod-dros-ein-bywydau","status":"publish","type":"post","link":"https:\/\/brain.wales\/cy\/2017\/05\/mae-genyn-hd-etifeddol-yn-bwrw-cysgod-dros-ein-bywydau\/","title":{"rendered":"&#8216;Mae genyn HD etifeddol yn bwrw cysgod dros ein bywydau&#8217;"},"content":{"rendered":"<p>Roedd y Gwas Sifil wedi ymddeol Pam Thomas, 74 oed ac o Gaerdydd, yn briod gyda dau o blant cyn iddi ddod yn ymwybodol bod y cyflwr niwroddirywiol etifeddol ac anwelladwy ar hyn o bryd, clefyd Huntington, yn rhedeg yn ei theulu.<\/p>\n<p>Ar \u00f4l gwylio ei modryb a&#8217;i mam yn datblygu symptomau&#8217;r anhwylder, mae Pam bellach wedi penderfynu nodi <strong>Wythnos Ymwybyddiaeth Clefyd Huntington (HD) (15-21 Mai)<\/strong> trwy siarad am ei hofnau ei hun o etifeddu a throsglwyddo&#8217;r cyflwr angheuol hwn.<\/p>\n<blockquote><p>\u201cCafodd chwaer h\u0177n fy mam, Sylvia, ddiagnosis o gorea Huntington \u2013 fel y\u2019i gelwid bryd hynny \u2013 pan oedd hi yn ei 50au,\u201d cofiodd Pam.<\/p><\/blockquote>\n<blockquote><p>\u201cEr bod y teulu\u2019n ymwybodol bod gan fy modryb ryw anhwylder meddwl, doedden ni ddim yn gwybod yr achos ar y pryd. Dangosodd fy mam Grace, a oedd dair blynedd yn iau na Sylvia, arwyddion o ymddygiad rhyfedd hefyd ond nid mor amlwg \u00e2 fy modryb.\u201d<\/p><\/blockquote>\n<h4>Anhwylder etifeddol<\/h4>\n<p>Ddegawd ar \u00f4l diagnosis Sylvia, fe wnaeth t\u00eem o Brifysgol Caerdydd dan arweiniad yr Athro Harper olrhain aelodau eraill o deulu Pam. Roedd y t\u00eem yn y broses o sefydlu cronfa ddata i fonitro natur etifeddol HD \u2013 rhagflaenydd i brosiect &#8216;Cofrestru&#8217; y Brifysgol.<\/p>\n<blockquote><p>\u201cRwy\u2019n cofio cael fy ngwahodd i gyfarfod yn nh\u0177 fy nhad gyda meddyg, nyrs a gweithiwr cymdeithasol,\u201d meddai Pam. \u201cRoedd y wybodaeth a roddwyd i ni\u2019r diwrnod hwnnw yn syfrdanol ac yn ein gadael ni\u2019n ddryslyd, yn ddryslyd ac yn ofidus.<\/p><\/blockquote>\n<p> Mae&#8217;r clefyd yn cael ei achosi gan un genyn diffygiol sy&#8217;n ymosod ar system nerfol ganolog yr ymennydd ac yn arwain at y person yn cael trafferth gyda thasgau bob dydd yr oeddent yn arfer eu cymryd yn ganiataol fel symudiad, meddwl a theimlo sylfaenol.<\/p>\n<blockquote><p>\u201cEr bod y t\u00eem yn gefnogol iawn, roedd hi\u2019n anodd ei ddeall i gyd ar unwaith. Y diwrnod canlynol, ymwelais i a fy nhad \u00e2\u2019r llyfrgell ganolog i gael cymaint o wybodaeth ag y gallem am yr anhwylder HD, sy\u2019n anhysbys iawn.\u201d<\/p><\/blockquote>\n<p> Mae gan bob plentyn rhiant \u00e2 HD siawns o 50% o etifeddu&#8217;r genyn; nid yw&#8217;n hepgor cenhedlaeth, felly os bydd plentyn yn profi&#8217;n bositif byddant, ar ryw adeg, yn datblygu&#8217;r clefyd. Mae fel taflu darn arian genetig.<\/p>\n<div id=\"attachment_3410\" style=\"width: 585px\" class=\"wp-caption aligncenter\"><img loading=\"lazy\" decoding=\"async\" aria-describedby=\"caption-attachment-3410\" class=\"wp-image-757 size-full\" src=\"http:\/\/brain.teamworksdesign.com\/wp-content\/uploads\/2020\/02\/2013-family.jpg\" alt=\"\" width=\"575\" height=\"431\" srcset=\"https:\/\/brain.wales\/wp-content\/uploads\/2020\/02\/2013-family.jpg 575w, https:\/\/brain.wales\/wp-content\/uploads\/2020\/02\/2013-family-300x225.jpg 300w\" sizes=\"auto, (max-width: 575px) 100vw, 575px\" \/><p id=\"caption-attachment-3410\" class=\"wp-caption-text\">Tair cenhedlaeth: Pam Thomas gyda&#8217;i phlant a&#8217;i hwyrion<\/p><\/div>\n<h4>&#8216;Cwmwl tywyll o bryder&#8217;<\/h4>\n<blockquote><p>\u201cFy nhad oedd yn dioddef y baich o ofalu am fy mam gartref nes iddo fynd yn ormod iddo,\u201d meddai Pam. \u201cBu farw pan oedd hi\u2019n 70 oed yng nghartref nyrsio T\u0177 Nazareth. Roeddwn i wedi bod yn gweithio&#8217;n llawn amser ac yn magu fy nau o blant fy hun yn ystod y cyfnod hwn.<\/p><\/blockquote>\n<blockquote><p>\u201cAm nifer o\u2019r blynyddoedd hyn roeddwn i\u2019n aelod gweithgar o <a href=\"https:\/\/www.hda.org.uk\/\">Gymdeithas Clefyd Huntington<\/a> , er i hyn ddod i ben ar \u00f4l marwolaeth fy mam.\u201d<\/p><\/blockquote>\n<p> Ar \u00f4l darganfod goblygiadau genetig pryderus clefyd Huntington, gwnaeth Pam y penderfyniad i gael ei sterileiddio i sicrhau na fyddai&#8217;n trosglwyddo&#8217;r genyn.<\/p>\n<blockquote><p>\u201cMae gwybod y gallai salwch etifeddol anwelladwy fodoli yn ein genynnau yn bendant yn taflu cysgod o ansicrwydd dros ein bywydau,\u201d meddai Pam. \u201cMae penderfyniadau bywyd a ddylai fod yn gyffrous fel cael plant yn y dyfodol yn dod yn sydyn yn fater i\u2019w ystyried yn ofalus.<\/p><\/blockquote>\n<blockquote><p>\u201cMae pob teulu\u2019n wahanol, ond gall diagnosis positif o HD pan fydd gennych blant eisoes arwain at oes o bryder go iawn.<\/p><\/blockquote>\n<blockquote><p>\u201cPenderfynais beidio \u00e2 chymryd y prawf HD, sy&#8217;n golygu fy mod i&#8217;n dal i gael fy dosbarthu fel &#8216;mewn perygl&#8217;, ond wrth i fwy o amser fynd heibio mae&#8217;r cwmwl tywyll o bryder yn lleihau.&#8221;<\/p><\/blockquote>\n<h4>&#8216;Mae camddiagnosis yn her gyda HD&#8217;<\/h4>\n<div class=\"__viper_copy\">\n<blockquote><p>\u201cCymerodd fy mab a\u2019i wraig gwnsela cyn iddyn nhw ddechrau eu teulu,\u201d eglurodd Pam. \u201cA nawr mae gen i dri o wyrion hyfryd. Does gan fy merch ddim plant, ei dewis hi o amgylchiadau ei bywyd, sy&#8217;n llawn ac yn bleserus.<\/p><\/blockquote>\n<blockquote><p>\u201cYn aml, mae diagnosis anghywir hefyd yn broblem y mae angen mynd i\u2019r afael \u00e2 hi gyda chlefyd Huntington. Dyna pam mae ymchwil Prifysgol Caerdydd mor bwysig ar gyfer ymchwilio i symptomau a therap\u00efau posibl HD i hyrwyddo diagnosis cywir a chynnar i gleifion.&#8221;<\/p><\/blockquote>\n<div id=\"attachment_3411\" style=\"width: 585px\" class=\"wp-caption aligncenter\"><img loading=\"lazy\" decoding=\"async\" aria-describedby=\"caption-attachment-3411\" class=\"wp-image-759 size-full\" src=\"http:\/\/brain.teamworksdesign.com\/wp-content\/uploads\/2020\/02\/Pams-mother-with-HD.jpg\" alt=\"\" width=\"575\" height=\"430\" srcset=\"https:\/\/brain.wales\/wp-content\/uploads\/2020\/02\/Pams-mother-with-HD.jpg 575w, https:\/\/brain.wales\/wp-content\/uploads\/2020\/02\/Pams-mother-with-HD-300x224.jpg 300w\" sizes=\"auto, (max-width: 575px) 100vw, 575px\" \/><p id=\"caption-attachment-3411\" class=\"wp-caption-text\">Gadawodd clefyd Huntington fam Pam, Grace, yn gaeth i gadair olwyn<\/p><\/div>\n<\/div>\n<h4>Ymchwil Uned BRAIN<\/h4>\n<p>Y llynedd, daeth Pam yn rhan o astudiaeth Enroll dan arweiniad <a href=\"https:\/\/brainwalesprd.wpengine.com\/get-involved\/brain-involve\/\"><span style=\"color: #0066cc;\">pwyllgor BRAIN Involve<\/span><\/a> Prifysgol Caerdydd, sy&#8217;n dwyn ynghyd gleifion, gofalwyr ac academyddion i lunio ymchwil arloesol i glefydau niwrolegol a niwroddirywiol.<\/p>\n<div class=\"__viper_copy\">\n<p>Mae&#8217;r pwyllgor yn cael ei redeg gan Uned Atgyweirio&#8217;r Ymennydd a Niwrotherapiwteg Mewngreuanol (BRAIN) y Brifysgol, sefydliad ymchwil sy&#8217;n gweithio i ddatblygu therap\u00efau newydd ar gyfer clefydau&#8217;r ymennydd mewn cydweithrediad \u00e2 Phrifysgolion Abertawe a Bangor yn ogystal \u00e2 chydweithwyr yn GIG Cymru a diwydiant.<\/p>\n<\/div>\n<blockquote><p>\u201cY rhan orau o\u2019r daith hon yw gwybod nawr y dylai\u2019r genyn ddiflannu yn ein teulu,\u201d meddai Pam.<\/p><\/blockquote>\n<div class=\"offset-md-3 col-md-6\">\n<div id=\"text_3\">\n<div class=\"__viper_copy\">\n<blockquote><p>\u201cMae gweithio gyda th\u00eem BRAIN Involve Prifysgol Caerdydd yn ein helpu i ddod o hyd i bwrpas yn ein profiad o\u2019r cyflwr llethol hwn. Y gobaith yw, ryw ddydd, y bydd yr ymchwilwyr arloesol hyn yn gwneud darganfyddiadau arloesol a all achub a gwella bywydau cenedlaethau\u2019r dyfodol sy\u2019n dioddef o glefyd Huntington.\u201d<\/p><\/blockquote>\n<ul>\n<li>Am ragor o wybodaeth am yr Uned BRAIN, ewch i: <a href=\"https:\/\/brainwalesprd.wpengine.com\/\"><span style=\"color: #0066cc;\">https:\/\/brainwalesprd.wpengine.com\/<\/span><\/a><\/li>\n<\/ul>\n<\/div>\n<\/div>\n<\/div>\n<div class=\"col-md-3\">\n<div class=\"box box-services\">\n<div class=\"box-header\"><\/div>\n<\/div>\n<\/div>\n","protected":false},"excerpt":{"rendered":"<p>Roedd y Gwas Sifil wedi ymddeol Pam Thomas, 74 oed ac o Gaerdydd, yn briod gyda dau o blant cyn iddi ddod yn ymwybodol bod y cyflwr niwroddirywiol etifeddol ac anwelladwy ar hyn o bryd, clefyd Huntington, yn rhedeg yn ei theulu. Ar \u00f4l gwylio ei modryb a&#8217;i mam yn datblygu symptomau&#8217;r anhwylder, mae Pam [&hellip;]<\/p>\n","protected":false},"author":10,"featured_media":3413,"comment_status":"open","ping_status":"open","sticky":false,"template":"","format":"standard","meta":{"_acf_changed":false,"footnotes":""},"categories":[18],"tags":[17],"class_list":["post-3777","post","type-post","status-publish","format-standard","has-post-thumbnail","hentry","category-heb-ei-gategoreiddio","tag-prydain-fawr"],"acf":[],"yoast_head":"<!-- This site is optimized with the Yoast SEO plugin v27.5 - https:\/\/yoast.com\/product\/yoast-seo-wordpress\/ -->\n<title>&#039;Mae genyn HD etifeddol yn bwrw cysgod dros ein bywydau&#039; - Ymennydd Cymru<\/title>\n<meta name=\"robots\" content=\"index, follow, max-snippet:-1, max-image-preview:large, max-video-preview:-1\" \/>\n<link rel=\"canonical\" href=\"https:\/\/brain.wales\/cy\/2017\/05\/mae-genyn-hd-etifeddol-yn-bwrw-cysgod-dros-ein-bywydau\/\" \/>\n<meta property=\"og:locale\" content=\"cy_GB\" \/>\n<meta property=\"og:type\" content=\"article\" \/>\n<meta property=\"og:title\" content=\"&#039;Mae genyn HD etifeddol yn bwrw cysgod dros ein bywydau&#039; - Ymennydd Cymru\" \/>\n<meta property=\"og:description\" content=\"Roedd y Gwas Sifil wedi ymddeol Pam Thomas, 74 oed ac o Gaerdydd, yn briod gyda dau o blant cyn iddi ddod yn ymwybodol bod y cyflwr niwroddirywiol etifeddol ac anwelladwy ar hyn o bryd, clefyd Huntington, yn rhedeg yn ei theulu. Ar \u00f4l gwylio ei modryb a&#8217;i mam yn datblygu symptomau&#8217;r anhwylder, mae Pam [&hellip;]\" \/>\n<meta property=\"og:url\" content=\"https:\/\/brain.wales\/cy\/2017\/05\/mae-genyn-hd-etifeddol-yn-bwrw-cysgod-dros-ein-bywydau\/\" \/>\n<meta property=\"og:site_name\" content=\"Ymennydd Cymru\" \/>\n<meta property=\"article:published_time\" content=\"2017-05-19T08:40:13+00:00\" \/>\n<meta property=\"article:modified_time\" content=\"2026-04-10T13:12:41+00:00\" \/>\n<meta property=\"og:image\" content=\"https:\/\/brain.wales\/wp-content\/uploads\/2020\/02\/Hereditary-HD.png\" \/>\n\t<meta property=\"og:image:width\" content=\"658\" \/>\n\t<meta property=\"og:image:height\" content=\"600\" \/>\n\t<meta property=\"og:image:type\" content=\"image\/png\" \/>\n<meta name=\"author\" content=\"teamworks\" \/>\n<meta name=\"twitter:card\" content=\"summary_large_image\" \/>\n<meta name=\"twitter:label1\" content=\"Written by\" \/>\n\t<meta name=\"twitter:data1\" content=\"teamworks\" \/>\n\t<meta name=\"twitter:label2\" content=\"Est. reading time\" \/>\n\t<meta name=\"twitter:data2\" content=\"4 minutes\" \/>\n<script type=\"application\/ld+json\" class=\"yoast-schema-graph\">{\"@context\":\"https:\\\/\\\/schema.org\",\"@graph\":[{\"@type\":\"Article\",\"@id\":\"https:\\\/\\\/brain.wales\\\/cy\\\/2017\\\/05\\\/mae-genyn-hd-etifeddol-yn-bwrw-cysgod-dros-ein-bywydau\\\/#article\",\"isPartOf\":{\"@id\":\"https:\\\/\\\/brain.wales\\\/cy\\\/2017\\\/05\\\/mae-genyn-hd-etifeddol-yn-bwrw-cysgod-dros-ein-bywydau\\\/\"},\"author\":{\"name\":\"teamworks\",\"@id\":\"https:\\\/\\\/brain.wales\\\/cy\\\/#\\\/schema\\\/person\\\/c054018baea1ef5ca1e7a1e2a7094889\"},\"headline\":\"&#8216;Mae genyn HD etifeddol yn bwrw cysgod dros ein bywydau&#8217;\",\"datePublished\":\"2017-05-19T08:40:13+00:00\",\"dateModified\":\"2026-04-10T13:12:41+00:00\",\"mainEntityOfPage\":{\"@id\":\"https:\\\/\\\/brain.wales\\\/cy\\\/2017\\\/05\\\/mae-genyn-hd-etifeddol-yn-bwrw-cysgod-dros-ein-bywydau\\\/\"},\"wordCount\":882,\"commentCount\":0,\"image\":{\"@id\":\"https:\\\/\\\/brain.wales\\\/cy\\\/2017\\\/05\\\/mae-genyn-hd-etifeddol-yn-bwrw-cysgod-dros-ein-bywydau\\\/#primaryimage\"},\"thumbnailUrl\":\"https:\\\/\\\/brain.wales\\\/wp-content\\\/uploads\\\/2020\\\/02\\\/Hereditary-HD.png\",\"keywords\":[\"Prydain Fawr\"],\"articleSection\":[\"Heb ei gategoreiddio\"],\"inLanguage\":\"cy-GB\"},{\"@type\":\"WebPage\",\"@id\":\"https:\\\/\\\/brain.wales\\\/cy\\\/2017\\\/05\\\/mae-genyn-hd-etifeddol-yn-bwrw-cysgod-dros-ein-bywydau\\\/\",\"url\":\"https:\\\/\\\/brain.wales\\\/cy\\\/2017\\\/05\\\/mae-genyn-hd-etifeddol-yn-bwrw-cysgod-dros-ein-bywydau\\\/\",\"name\":\"'Mae genyn HD etifeddol yn bwrw cysgod dros ein bywydau' - Ymennydd Cymru\",\"isPartOf\":{\"@id\":\"https:\\\/\\\/brain.wales\\\/cy\\\/#website\"},\"primaryImageOfPage\":{\"@id\":\"https:\\\/\\\/brain.wales\\\/cy\\\/2017\\\/05\\\/mae-genyn-hd-etifeddol-yn-bwrw-cysgod-dros-ein-bywydau\\\/#primaryimage\"},\"image\":{\"@id\":\"https:\\\/\\\/brain.wales\\\/cy\\\/2017\\\/05\\\/mae-genyn-hd-etifeddol-yn-bwrw-cysgod-dros-ein-bywydau\\\/#primaryimage\"},\"thumbnailUrl\":\"https:\\\/\\\/brain.wales\\\/wp-content\\\/uploads\\\/2020\\\/02\\\/Hereditary-HD.png\",\"datePublished\":\"2017-05-19T08:40:13+00:00\",\"dateModified\":\"2026-04-10T13:12:41+00:00\",\"author\":{\"@id\":\"https:\\\/\\\/brain.wales\\\/cy\\\/#\\\/schema\\\/person\\\/c054018baea1ef5ca1e7a1e2a7094889\"},\"breadcrumb\":{\"@id\":\"https:\\\/\\\/brain.wales\\\/cy\\\/2017\\\/05\\\/mae-genyn-hd-etifeddol-yn-bwrw-cysgod-dros-ein-bywydau\\\/#breadcrumb\"},\"inLanguage\":\"cy-GB\",\"potentialAction\":[{\"@type\":\"ReadAction\",\"target\":[\"https:\\\/\\\/brain.wales\\\/cy\\\/2017\\\/05\\\/mae-genyn-hd-etifeddol-yn-bwrw-cysgod-dros-ein-bywydau\\\/\"]}]},{\"@type\":\"ImageObject\",\"inLanguage\":\"cy-GB\",\"@id\":\"https:\\\/\\\/brain.wales\\\/cy\\\/2017\\\/05\\\/mae-genyn-hd-etifeddol-yn-bwrw-cysgod-dros-ein-bywydau\\\/#primaryimage\",\"url\":\"https:\\\/\\\/brain.wales\\\/wp-content\\\/uploads\\\/2020\\\/02\\\/Hereditary-HD.png\",\"contentUrl\":\"https:\\\/\\\/brain.wales\\\/wp-content\\\/uploads\\\/2020\\\/02\\\/Hereditary-HD.png\",\"width\":658,\"height\":600},{\"@type\":\"BreadcrumbList\",\"@id\":\"https:\\\/\\\/brain.wales\\\/cy\\\/2017\\\/05\\\/mae-genyn-hd-etifeddol-yn-bwrw-cysgod-dros-ein-bywydau\\\/#breadcrumb\",\"itemListElement\":[{\"@type\":\"ListItem\",\"position\":1,\"name\":\"Cartref\",\"item\":\"https:\\\/\\\/brain.wales\\\/cy\\\/\"},{\"@type\":\"ListItem\",\"position\":2,\"name\":\"&#8216;Mae genyn HD etifeddol yn bwrw cysgod dros ein bywydau&#8217;\"}]},{\"@type\":\"WebSite\",\"@id\":\"https:\\\/\\\/brain.wales\\\/cy\\\/#website\",\"url\":\"https:\\\/\\\/brain.wales\\\/cy\\\/\",\"name\":\"Ymennydd Cymru\",\"description\":\"\",\"potentialAction\":[{\"@type\":\"SearchAction\",\"target\":{\"@type\":\"EntryPoint\",\"urlTemplate\":\"https:\\\/\\\/brain.wales\\\/cy\\\/?s={search_term_string}\"},\"query-input\":{\"@type\":\"PropertyValueSpecification\",\"valueRequired\":true,\"valueName\":\"search_term_string\"}}],\"inLanguage\":\"cy-GB\"},{\"@type\":\"Person\",\"@id\":\"https:\\\/\\\/brain.wales\\\/cy\\\/#\\\/schema\\\/person\\\/c054018baea1ef5ca1e7a1e2a7094889\",\"name\":\"teamworks\",\"image\":{\"@type\":\"ImageObject\",\"inLanguage\":\"cy-GB\",\"@id\":\"https:\\\/\\\/secure.gravatar.com\\\/avatar\\\/98aecc36d81dd0f45cd9eb60dc5e3c178e9e983988dbdbb7edf9fe1ac01d63fa?s=96&d=mm&r=g\",\"url\":\"https:\\\/\\\/secure.gravatar.com\\\/avatar\\\/98aecc36d81dd0f45cd9eb60dc5e3c178e9e983988dbdbb7edf9fe1ac01d63fa?s=96&d=mm&r=g\",\"contentUrl\":\"https:\\\/\\\/secure.gravatar.com\\\/avatar\\\/98aecc36d81dd0f45cd9eb60dc5e3c178e9e983988dbdbb7edf9fe1ac01d63fa?s=96&d=mm&r=g\",\"caption\":\"teamworks\"},\"url\":\"https:\\\/\\\/brain.wales\\\/cy\\\/author\\\/teamworks\\\/\"}]}<\/script>\n<!-- \/ Yoast SEO plugin. -->","yoast_head_json":{"title":"'Mae genyn HD etifeddol yn bwrw cysgod dros ein bywydau' - Ymennydd Cymru","robots":{"index":"index","follow":"follow","max-snippet":"max-snippet:-1","max-image-preview":"max-image-preview:large","max-video-preview":"max-video-preview:-1"},"canonical":"https:\/\/brain.wales\/cy\/2017\/05\/mae-genyn-hd-etifeddol-yn-bwrw-cysgod-dros-ein-bywydau\/","og_locale":"cy_GB","og_type":"article","og_title":"'Mae genyn HD etifeddol yn bwrw cysgod dros ein bywydau' - Ymennydd Cymru","og_description":"Roedd y Gwas Sifil wedi ymddeol Pam Thomas, 74 oed ac o Gaerdydd, yn briod gyda dau o blant cyn iddi ddod yn ymwybodol bod y cyflwr niwroddirywiol etifeddol ac anwelladwy ar hyn o bryd, clefyd Huntington, yn rhedeg yn ei theulu. Ar \u00f4l gwylio ei modryb a&#8217;i mam yn datblygu symptomau&#8217;r anhwylder, mae Pam [&hellip;]","og_url":"https:\/\/brain.wales\/cy\/2017\/05\/mae-genyn-hd-etifeddol-yn-bwrw-cysgod-dros-ein-bywydau\/","og_site_name":"Ymennydd Cymru","article_published_time":"2017-05-19T08:40:13+00:00","article_modified_time":"2026-04-10T13:12:41+00:00","og_image":[{"width":658,"height":600,"url":"https:\/\/brain.wales\/wp-content\/uploads\/2020\/02\/Hereditary-HD.png","type":"image\/png"}],"author":"teamworks","twitter_card":"summary_large_image","twitter_misc":{"Written by":"teamworks","Est. reading time":"4 minutes"},"schema":{"@context":"https:\/\/schema.org","@graph":[{"@type":"Article","@id":"https:\/\/brain.wales\/cy\/2017\/05\/mae-genyn-hd-etifeddol-yn-bwrw-cysgod-dros-ein-bywydau\/#article","isPartOf":{"@id":"https:\/\/brain.wales\/cy\/2017\/05\/mae-genyn-hd-etifeddol-yn-bwrw-cysgod-dros-ein-bywydau\/"},"author":{"name":"teamworks","@id":"https:\/\/brain.wales\/cy\/#\/schema\/person\/c054018baea1ef5ca1e7a1e2a7094889"},"headline":"&#8216;Mae genyn HD etifeddol yn bwrw cysgod dros ein bywydau&#8217;","datePublished":"2017-05-19T08:40:13+00:00","dateModified":"2026-04-10T13:12:41+00:00","mainEntityOfPage":{"@id":"https:\/\/brain.wales\/cy\/2017\/05\/mae-genyn-hd-etifeddol-yn-bwrw-cysgod-dros-ein-bywydau\/"},"wordCount":882,"commentCount":0,"image":{"@id":"https:\/\/brain.wales\/cy\/2017\/05\/mae-genyn-hd-etifeddol-yn-bwrw-cysgod-dros-ein-bywydau\/#primaryimage"},"thumbnailUrl":"https:\/\/brain.wales\/wp-content\/uploads\/2020\/02\/Hereditary-HD.png","keywords":["Prydain Fawr"],"articleSection":["Heb ei gategoreiddio"],"inLanguage":"cy-GB"},{"@type":"WebPage","@id":"https:\/\/brain.wales\/cy\/2017\/05\/mae-genyn-hd-etifeddol-yn-bwrw-cysgod-dros-ein-bywydau\/","url":"https:\/\/brain.wales\/cy\/2017\/05\/mae-genyn-hd-etifeddol-yn-bwrw-cysgod-dros-ein-bywydau\/","name":"'Mae genyn HD etifeddol yn bwrw cysgod dros ein bywydau' - Ymennydd Cymru","isPartOf":{"@id":"https:\/\/brain.wales\/cy\/#website"},"primaryImageOfPage":{"@id":"https:\/\/brain.wales\/cy\/2017\/05\/mae-genyn-hd-etifeddol-yn-bwrw-cysgod-dros-ein-bywydau\/#primaryimage"},"image":{"@id":"https:\/\/brain.wales\/cy\/2017\/05\/mae-genyn-hd-etifeddol-yn-bwrw-cysgod-dros-ein-bywydau\/#primaryimage"},"thumbnailUrl":"https:\/\/brain.wales\/wp-content\/uploads\/2020\/02\/Hereditary-HD.png","datePublished":"2017-05-19T08:40:13+00:00","dateModified":"2026-04-10T13:12:41+00:00","author":{"@id":"https:\/\/brain.wales\/cy\/#\/schema\/person\/c054018baea1ef5ca1e7a1e2a7094889"},"breadcrumb":{"@id":"https:\/\/brain.wales\/cy\/2017\/05\/mae-genyn-hd-etifeddol-yn-bwrw-cysgod-dros-ein-bywydau\/#breadcrumb"},"inLanguage":"cy-GB","potentialAction":[{"@type":"ReadAction","target":["https:\/\/brain.wales\/cy\/2017\/05\/mae-genyn-hd-etifeddol-yn-bwrw-cysgod-dros-ein-bywydau\/"]}]},{"@type":"ImageObject","inLanguage":"cy-GB","@id":"https:\/\/brain.wales\/cy\/2017\/05\/mae-genyn-hd-etifeddol-yn-bwrw-cysgod-dros-ein-bywydau\/#primaryimage","url":"https:\/\/brain.wales\/wp-content\/uploads\/2020\/02\/Hereditary-HD.png","contentUrl":"https:\/\/brain.wales\/wp-content\/uploads\/2020\/02\/Hereditary-HD.png","width":658,"height":600},{"@type":"BreadcrumbList","@id":"https:\/\/brain.wales\/cy\/2017\/05\/mae-genyn-hd-etifeddol-yn-bwrw-cysgod-dros-ein-bywydau\/#breadcrumb","itemListElement":[{"@type":"ListItem","position":1,"name":"Cartref","item":"https:\/\/brain.wales\/cy\/"},{"@type":"ListItem","position":2,"name":"&#8216;Mae genyn HD etifeddol yn bwrw cysgod dros ein bywydau&#8217;"}]},{"@type":"WebSite","@id":"https:\/\/brain.wales\/cy\/#website","url":"https:\/\/brain.wales\/cy\/","name":"Ymennydd Cymru","description":"","potentialAction":[{"@type":"SearchAction","target":{"@type":"EntryPoint","urlTemplate":"https:\/\/brain.wales\/cy\/?s={search_term_string}"},"query-input":{"@type":"PropertyValueSpecification","valueRequired":true,"valueName":"search_term_string"}}],"inLanguage":"cy-GB"},{"@type":"Person","@id":"https:\/\/brain.wales\/cy\/#\/schema\/person\/c054018baea1ef5ca1e7a1e2a7094889","name":"teamworks","image":{"@type":"ImageObject","inLanguage":"cy-GB","@id":"https:\/\/secure.gravatar.com\/avatar\/98aecc36d81dd0f45cd9eb60dc5e3c178e9e983988dbdbb7edf9fe1ac01d63fa?s=96&d=mm&r=g","url":"https:\/\/secure.gravatar.com\/avatar\/98aecc36d81dd0f45cd9eb60dc5e3c178e9e983988dbdbb7edf9fe1ac01d63fa?s=96&d=mm&r=g","contentUrl":"https:\/\/secure.gravatar.com\/avatar\/98aecc36d81dd0f45cd9eb60dc5e3c178e9e983988dbdbb7edf9fe1ac01d63fa?s=96&d=mm&r=g","caption":"teamworks"},"url":"https:\/\/brain.wales\/cy\/author\/teamworks\/"}]}},"_links":{"self":[{"href":"https:\/\/brain.wales\/cy\/wp-json\/wp\/v2\/posts\/3777","targetHints":{"allow":["GET"]}}],"collection":[{"href":"https:\/\/brain.wales\/cy\/wp-json\/wp\/v2\/posts"}],"about":[{"href":"https:\/\/brain.wales\/cy\/wp-json\/wp\/v2\/types\/post"}],"author":[{"embeddable":true,"href":"https:\/\/brain.wales\/cy\/wp-json\/wp\/v2\/users\/10"}],"replies":[{"embeddable":true,"href":"https:\/\/brain.wales\/cy\/wp-json\/wp\/v2\/comments?post=3777"}],"version-history":[{"count":0,"href":"https:\/\/brain.wales\/cy\/wp-json\/wp\/v2\/posts\/3777\/revisions"}],"wp:featuredmedia":[{"embeddable":true,"href":"https:\/\/brain.wales\/cy\/wp-json\/wp\/v2\/media\/3413"}],"wp:attachment":[{"href":"https:\/\/brain.wales\/cy\/wp-json\/wp\/v2\/media?parent=3777"}],"wp:term":[{"taxonomy":"category","embeddable":true,"href":"https:\/\/brain.wales\/cy\/wp-json\/wp\/v2\/categories?post=3777"},{"taxonomy":"post_tag","embeddable":true,"href":"https:\/\/brain.wales\/cy\/wp-json\/wp\/v2\/tags?post=3777"}],"curies":[{"name":"wp","href":"https:\/\/api.w.org\/{rel}","templated":true}]}}