{"id":3732,"date":"2023-05-30T12:58:45","date_gmt":"2023-05-30T11:58:45","guid":{"rendered":"https:\/\/brain.wales\/2023\/05\/pob-hwyl-a-gemau-ymennydd-edrych-yn-ol-ar-fis-mai\/"},"modified":"2026-04-10T14:13:20","modified_gmt":"2026-04-10T13:13:20","slug":"pob-hwyl-a-gemau-ymennydd-edrych-yn-ol-ar-fis-mai","status":"publish","type":"post","link":"https:\/\/brain.wales\/cy\/2023\/05\/pob-hwyl-a-gemau-ymennydd-edrych-yn-ol-ar-fis-mai\/","title":{"rendered":"Pob hwyl a gemau YMENNYDD: Edrych yn \u00f4l ar fis Mai"},"content":{"rendered":"<h2>Roedd mis Mai 2023 yn fis prysur i Uned BRAIN, o sgyrsiau gwyddoniaeth i gynnal gemau BRAIN hir-ddisgwyliedig, gyda mynychwyr ysgolion cynradd o bob cwr o Gaerdydd. Darllenwch ymlaen i gael gwybod mwy.<\/h2>\n<h3><\/h3>\n<p>&nbsp;<\/p>\n<h3>Gwyddoniaeth gyda pheint: ymchwil calonnau a meddyliau<\/h3>\n<p>Ar Fai <sup>5ed<\/sup> , cynhaliodd ymchwilwyr BRAIN, yr Athro Anne Rosser a Dr Emma Lane, ddigwyddiad &#8216;Calonnau a Meddyliau&#8217; yng Nghlwb Golff Radyr. Cafodd y mynychwyr gyfle i glywed am yr ymchwil a&#8217;r datblygiadau clinigol diweddaraf mewn clefydau niwrolegol a chardioleg a chymryd rhan mewn arddangosiadau. Gwelodd y noson rai sgyrsiau anhygoel, gan gynnwys un gan Dr John Huish a siaradodd am hanes cardioleg. Daeth y radiolegydd ymyriadol, Chris Williams, ag amrywiaeth o stentiau i\u2019r mynychwyr eu rhoi ar brawf a\u2019u defnyddio, yn ogystal \u00e2 darnau o ymennydd llygod mawr a gafodd eu staenio i ddatgelu trawsblaniadau dopaminergig \u2013 a ddangoswyd o dan ficrosgop!<\/p>\n<p>&nbsp;<\/p>\n<h3>Archwilio effeithiau samba ar niwroplastigedd mewn clefyd Parkinson<\/h3>\n<p>Ar <sup>13<\/sup> Mai daeth ymchwilwyr clefyd Parkinson o Fangor, Caerdydd ac Abertawe ynghyd i gynnal digwyddiadau ar yr un pryd, ynghyd \u00e2 gr\u0175p Diddordeb Ymchwil Cymru. Ariannwyd un o&#8217;r digwyddiadau gan y Sefydliad Ymchwil Dementia a&#8217;r gr\u0175p BRAIN involve, y ddau wedi&#8217;u lleoli yn Adeilad Hadyn Ellis (HEB) ym Mhrifysgol Caerdydd. Daeth tua 100 o bobl \u00e2 chlefyd Parkinson ac aelodau o&#8217;u teuluoedd i HEB i glywed am yr ymchwil ddiweddaraf ym maes clefyd Parkinson a gweld lansiad gr\u0175p samba newydd sbon i bobl \u00e2 chlefyd Parkinson: &#8216;SParky Samba&#8217;.<\/p>\n<p>Nod &#8216;SParky Samba&#8217; yw datblygu cysylltiadau cymunedol cryf rhwng y rhai sydd \u00e2 phrofiad byw o glefyd Parkinson yn ogystal ag archwilio manteision offerynnau taro Samba wrth hyrwyddo niwroplastigedd. Fe&#8217;i hwylusir gan fand taro Affro-Brasil lleol o Gaerdydd o&#8217;r enw Barracwda. Gallwch ddysgu mwy am SParky Samba drwy eu dilyn ar Twitter.<\/p>\n<p>&nbsp;<\/p>\n<h3>Hyrwyddo cydraddoldeb ac amrywiaeth mewn ymchwil<\/h3>\n<p>Gwahoddwyd Dr Emma Lane i siarad mewn dau ddigwyddiad a gynhaliwyd gan gr\u0175p prosiect Dargyfeirio Cydraddoldeb, Cynhwysiant mewn Ymchwil (EDIRA) ar <sup>12<\/sup> a <sup>19<\/sup> Mai. Nod EDIRA yw creu fframwaith ymchwil cynhwysol, gan ddatblygu canllawiau gan ddefnyddio safbwyntiau cymunedau dan anfantais a chefnogi gwaith gweithwyr proffesiynol o wahanol Gymunedau Ymarfer.<\/p>\n<p>&nbsp;<\/p>\n<h3>Blwyddyn arall, Gemau YMENNYDD arall i ddisgyblion cynradd<\/h3>\n<p>Ar Fai <sup>19eg<\/sup> , ymwelodd 4 ysgol gynradd yng Nghaerdydd \u00e2 dau o gyfleusterau ymchwil Prifysgol Caerdydd: Spark a CUBRIC i ddysgu mwy am ymchwil i&#8217;r ymennydd a chymryd rhan mewn amrywiaeth o weithgareddau hwyliog sy&#8217;n gysylltiedig \u00e2&#8217;r ymennydd.<\/p>\n<p><img loading=\"lazy\" decoding=\"async\" class=\"wp-image-1790 aligncenter\" src=\"https:\/\/brain.wales\/wp-content\/uploads\/2023\/06\/BRAIN-news-graphics-300x169.png\" alt=\"\" width=\"691\" height=\"389\" srcset=\"https:\/\/brain.wales\/wp-content\/uploads\/2023\/06\/BRAIN-news-graphics-300x169.png 300w, https:\/\/brain.wales\/wp-content\/uploads\/2023\/06\/BRAIN-news-graphics-1024x576.png 1024w, https:\/\/brain.wales\/wp-content\/uploads\/2023\/06\/BRAIN-news-graphics-768x432.png 768w, https:\/\/brain.wales\/wp-content\/uploads\/2023\/06\/BRAIN-news-graphics-1536x864.png 1536w, https:\/\/brain.wales\/wp-content\/uploads\/2023\/06\/BRAIN-news-graphics.png 1600w\" sizes=\"auto, (max-width: 691px) 100vw, 691px\" \/><\/p>\n","protected":false},"excerpt":{"rendered":"<p>Roedd mis Mai 2023 yn fis prysur i Uned BRAIN, o sgyrsiau gwyddoniaeth i gynnal gemau BRAIN hir-ddisgwyliedig, gyda mynychwyr ysgolion cynradd o bob cwr o Gaerdydd. Darllenwch ymlaen i gael gwybod mwy. &nbsp; Gwyddoniaeth gyda pheint: ymchwil calonnau a meddyliau Ar Fai 5ed , cynhaliodd ymchwilwyr BRAIN, yr Athro Anne Rosser a Dr Emma [&hellip;]<\/p>\n","protected":false},"author":5,"featured_media":3555,"comment_status":"open","ping_status":"open","sticky":false,"template":"","format":"standard","meta":{"_acf_changed":false,"footnotes":""},"categories":[18],"tags":[17],"class_list":["post-3732","post","type-post","status-publish","format-standard","has-post-thumbnail","hentry","category-heb-ei-gategoreiddio","tag-prydain-fawr"],"acf":[],"yoast_head":"<!-- This site is optimized with the Yoast SEO plugin v27.5 - https:\/\/yoast.com\/product\/yoast-seo-wordpress\/ -->\n<title>Pob hwyl a gemau YMENNYDD: Edrych yn \u00f4l ar fis Mai - Ymennydd Cymru<\/title>\n<meta name=\"robots\" content=\"index, follow, max-snippet:-1, max-image-preview:large, max-video-preview:-1\" \/>\n<link rel=\"canonical\" href=\"https:\/\/brain.wales\/cy\/2023\/05\/pob-hwyl-a-gemau-ymennydd-edrych-yn-ol-ar-fis-mai\/\" \/>\n<meta property=\"og:locale\" content=\"cy_GB\" \/>\n<meta property=\"og:type\" content=\"article\" \/>\n<meta property=\"og:title\" content=\"Pob hwyl a gemau YMENNYDD: Edrych yn \u00f4l ar fis Mai - Ymennydd Cymru\" \/>\n<meta property=\"og:description\" content=\"Roedd mis Mai 2023 yn fis prysur i Uned BRAIN, o sgyrsiau gwyddoniaeth i gynnal gemau BRAIN hir-ddisgwyliedig, gyda mynychwyr ysgolion cynradd o bob cwr o Gaerdydd. Darllenwch ymlaen i gael gwybod mwy. &nbsp; Gwyddoniaeth gyda pheint: ymchwil calonnau a meddyliau Ar Fai 5ed , cynhaliodd ymchwilwyr BRAIN, yr Athro Anne Rosser a Dr Emma [&hellip;]\" \/>\n<meta property=\"og:url\" content=\"https:\/\/brain.wales\/cy\/2023\/05\/pob-hwyl-a-gemau-ymennydd-edrych-yn-ol-ar-fis-mai\/\" \/>\n<meta property=\"og:site_name\" content=\"Ymennydd Cymru\" \/>\n<meta property=\"article:published_time\" content=\"2023-05-30T11:58:45+00:00\" \/>\n<meta property=\"article:modified_time\" content=\"2026-04-10T13:13:20+00:00\" \/>\n<meta property=\"og:image\" content=\"https:\/\/brain.wales\/wp-content\/uploads\/2023\/06\/Fwf52h3WAAAcFGC-1.jpg\" \/>\n\t<meta property=\"og:image:width\" content=\"680\" \/>\n\t<meta property=\"og:image:height\" content=\"510\" \/>\n\t<meta property=\"og:image:type\" content=\"image\/jpeg\" \/>\n<meta name=\"author\" content=\"Julia Pearce\" \/>\n<meta name=\"twitter:card\" content=\"summary_large_image\" \/>\n<meta name=\"twitter:label1\" content=\"Written by\" \/>\n\t<meta name=\"twitter:data1\" content=\"Julia Pearce\" \/>\n\t<meta name=\"twitter:label2\" content=\"Est. reading time\" \/>\n\t<meta name=\"twitter:data2\" content=\"2 minutes\" \/>\n<script type=\"application\/ld+json\" class=\"yoast-schema-graph\">{\"@context\":\"https:\\\/\\\/schema.org\",\"@graph\":[{\"@type\":\"Article\",\"@id\":\"https:\\\/\\\/brain.wales\\\/cy\\\/2023\\\/05\\\/pob-hwyl-a-gemau-ymennydd-edrych-yn-ol-ar-fis-mai\\\/#article\",\"isPartOf\":{\"@id\":\"https:\\\/\\\/brain.wales\\\/cy\\\/2023\\\/05\\\/pob-hwyl-a-gemau-ymennydd-edrych-yn-ol-ar-fis-mai\\\/\"},\"author\":{\"name\":\"Julia Pearce\",\"@id\":\"https:\\\/\\\/brain.wales\\\/cy\\\/#\\\/schema\\\/person\\\/598c1f94402b0f22bb572164b1fd9131\"},\"headline\":\"Pob hwyl a gemau YMENNYDD: Edrych yn \u00f4l ar fis Mai\",\"datePublished\":\"2023-05-30T11:58:45+00:00\",\"dateModified\":\"2026-04-10T13:13:20+00:00\",\"mainEntityOfPage\":{\"@id\":\"https:\\\/\\\/brain.wales\\\/cy\\\/2023\\\/05\\\/pob-hwyl-a-gemau-ymennydd-edrych-yn-ol-ar-fis-mai\\\/\"},\"wordCount\":402,\"commentCount\":0,\"image\":{\"@id\":\"https:\\\/\\\/brain.wales\\\/cy\\\/2023\\\/05\\\/pob-hwyl-a-gemau-ymennydd-edrych-yn-ol-ar-fis-mai\\\/#primaryimage\"},\"thumbnailUrl\":\"https:\\\/\\\/brain.wales\\\/wp-content\\\/uploads\\\/2023\\\/06\\\/Fwf52h3WAAAcFGC-1.jpg\",\"keywords\":[\"Prydain Fawr\"],\"articleSection\":[\"Heb ei gategoreiddio\"],\"inLanguage\":\"cy-GB\"},{\"@type\":\"WebPage\",\"@id\":\"https:\\\/\\\/brain.wales\\\/cy\\\/2023\\\/05\\\/pob-hwyl-a-gemau-ymennydd-edrych-yn-ol-ar-fis-mai\\\/\",\"url\":\"https:\\\/\\\/brain.wales\\\/cy\\\/2023\\\/05\\\/pob-hwyl-a-gemau-ymennydd-edrych-yn-ol-ar-fis-mai\\\/\",\"name\":\"Pob hwyl a gemau YMENNYDD: Edrych yn \u00f4l ar fis Mai - Ymennydd Cymru\",\"isPartOf\":{\"@id\":\"https:\\\/\\\/brain.wales\\\/cy\\\/#website\"},\"primaryImageOfPage\":{\"@id\":\"https:\\\/\\\/brain.wales\\\/cy\\\/2023\\\/05\\\/pob-hwyl-a-gemau-ymennydd-edrych-yn-ol-ar-fis-mai\\\/#primaryimage\"},\"image\":{\"@id\":\"https:\\\/\\\/brain.wales\\\/cy\\\/2023\\\/05\\\/pob-hwyl-a-gemau-ymennydd-edrych-yn-ol-ar-fis-mai\\\/#primaryimage\"},\"thumbnailUrl\":\"https:\\\/\\\/brain.wales\\\/wp-content\\\/uploads\\\/2023\\\/06\\\/Fwf52h3WAAAcFGC-1.jpg\",\"datePublished\":\"2023-05-30T11:58:45+00:00\",\"dateModified\":\"2026-04-10T13:13:20+00:00\",\"author\":{\"@id\":\"https:\\\/\\\/brain.wales\\\/cy\\\/#\\\/schema\\\/person\\\/598c1f94402b0f22bb572164b1fd9131\"},\"breadcrumb\":{\"@id\":\"https:\\\/\\\/brain.wales\\\/cy\\\/2023\\\/05\\\/pob-hwyl-a-gemau-ymennydd-edrych-yn-ol-ar-fis-mai\\\/#breadcrumb\"},\"inLanguage\":\"cy-GB\",\"potentialAction\":[{\"@type\":\"ReadAction\",\"target\":[\"https:\\\/\\\/brain.wales\\\/cy\\\/2023\\\/05\\\/pob-hwyl-a-gemau-ymennydd-edrych-yn-ol-ar-fis-mai\\\/\"]}]},{\"@type\":\"ImageObject\",\"inLanguage\":\"cy-GB\",\"@id\":\"https:\\\/\\\/brain.wales\\\/cy\\\/2023\\\/05\\\/pob-hwyl-a-gemau-ymennydd-edrych-yn-ol-ar-fis-mai\\\/#primaryimage\",\"url\":\"https:\\\/\\\/brain.wales\\\/wp-content\\\/uploads\\\/2023\\\/06\\\/Fwf52h3WAAAcFGC-1.jpg\",\"contentUrl\":\"https:\\\/\\\/brain.wales\\\/wp-content\\\/uploads\\\/2023\\\/06\\\/Fwf52h3WAAAcFGC-1.jpg\",\"width\":680,\"height\":510},{\"@type\":\"BreadcrumbList\",\"@id\":\"https:\\\/\\\/brain.wales\\\/cy\\\/2023\\\/05\\\/pob-hwyl-a-gemau-ymennydd-edrych-yn-ol-ar-fis-mai\\\/#breadcrumb\",\"itemListElement\":[{\"@type\":\"ListItem\",\"position\":1,\"name\":\"Cartref\",\"item\":\"https:\\\/\\\/brain.wales\\\/cy\\\/\"},{\"@type\":\"ListItem\",\"position\":2,\"name\":\"Pob hwyl a gemau YMENNYDD: Edrych yn \u00f4l ar fis Mai\"}]},{\"@type\":\"WebSite\",\"@id\":\"https:\\\/\\\/brain.wales\\\/cy\\\/#website\",\"url\":\"https:\\\/\\\/brain.wales\\\/cy\\\/\",\"name\":\"Ymennydd Cymru\",\"description\":\"\",\"potentialAction\":[{\"@type\":\"SearchAction\",\"target\":{\"@type\":\"EntryPoint\",\"urlTemplate\":\"https:\\\/\\\/brain.wales\\\/cy\\\/?s={search_term_string}\"},\"query-input\":{\"@type\":\"PropertyValueSpecification\",\"valueRequired\":true,\"valueName\":\"search_term_string\"}}],\"inLanguage\":\"cy-GB\"},{\"@type\":\"Person\",\"@id\":\"https:\\\/\\\/brain.wales\\\/cy\\\/#\\\/schema\\\/person\\\/598c1f94402b0f22bb572164b1fd9131\",\"name\":\"Julia Pearce\",\"image\":{\"@type\":\"ImageObject\",\"inLanguage\":\"cy-GB\",\"@id\":\"https:\\\/\\\/secure.gravatar.com\\\/avatar\\\/460770d3920523f570ae1e7857a1371e3ed53df21c53254f20ab5f9d3654bc95?s=96&d=mm&r=g\",\"url\":\"https:\\\/\\\/secure.gravatar.com\\\/avatar\\\/460770d3920523f570ae1e7857a1371e3ed53df21c53254f20ab5f9d3654bc95?s=96&d=mm&r=g\",\"contentUrl\":\"https:\\\/\\\/secure.gravatar.com\\\/avatar\\\/460770d3920523f570ae1e7857a1371e3ed53df21c53254f20ab5f9d3654bc95?s=96&d=mm&r=g\",\"caption\":\"Julia Pearce\"},\"url\":\"https:\\\/\\\/brain.wales\\\/cy\\\/author\\\/juliapearce\\\/\"}]}<\/script>\n<!-- \/ Yoast SEO plugin. -->","yoast_head_json":{"title":"Pob hwyl a gemau YMENNYDD: Edrych yn \u00f4l ar fis Mai - Ymennydd Cymru","robots":{"index":"index","follow":"follow","max-snippet":"max-snippet:-1","max-image-preview":"max-image-preview:large","max-video-preview":"max-video-preview:-1"},"canonical":"https:\/\/brain.wales\/cy\/2023\/05\/pob-hwyl-a-gemau-ymennydd-edrych-yn-ol-ar-fis-mai\/","og_locale":"cy_GB","og_type":"article","og_title":"Pob hwyl a gemau YMENNYDD: Edrych yn \u00f4l ar fis Mai - Ymennydd Cymru","og_description":"Roedd mis Mai 2023 yn fis prysur i Uned BRAIN, o sgyrsiau gwyddoniaeth i gynnal gemau BRAIN hir-ddisgwyliedig, gyda mynychwyr ysgolion cynradd o bob cwr o Gaerdydd. Darllenwch ymlaen i gael gwybod mwy. &nbsp; Gwyddoniaeth gyda pheint: ymchwil calonnau a meddyliau Ar Fai 5ed , cynhaliodd ymchwilwyr BRAIN, yr Athro Anne Rosser a Dr Emma [&hellip;]","og_url":"https:\/\/brain.wales\/cy\/2023\/05\/pob-hwyl-a-gemau-ymennydd-edrych-yn-ol-ar-fis-mai\/","og_site_name":"Ymennydd Cymru","article_published_time":"2023-05-30T11:58:45+00:00","article_modified_time":"2026-04-10T13:13:20+00:00","og_image":[{"width":680,"height":510,"url":"https:\/\/brain.wales\/wp-content\/uploads\/2023\/06\/Fwf52h3WAAAcFGC-1.jpg","type":"image\/jpeg"}],"author":"Julia Pearce","twitter_card":"summary_large_image","twitter_misc":{"Written by":"Julia Pearce","Est. reading time":"2 minutes"},"schema":{"@context":"https:\/\/schema.org","@graph":[{"@type":"Article","@id":"https:\/\/brain.wales\/cy\/2023\/05\/pob-hwyl-a-gemau-ymennydd-edrych-yn-ol-ar-fis-mai\/#article","isPartOf":{"@id":"https:\/\/brain.wales\/cy\/2023\/05\/pob-hwyl-a-gemau-ymennydd-edrych-yn-ol-ar-fis-mai\/"},"author":{"name":"Julia Pearce","@id":"https:\/\/brain.wales\/cy\/#\/schema\/person\/598c1f94402b0f22bb572164b1fd9131"},"headline":"Pob hwyl a gemau YMENNYDD: Edrych yn \u00f4l ar fis Mai","datePublished":"2023-05-30T11:58:45+00:00","dateModified":"2026-04-10T13:13:20+00:00","mainEntityOfPage":{"@id":"https:\/\/brain.wales\/cy\/2023\/05\/pob-hwyl-a-gemau-ymennydd-edrych-yn-ol-ar-fis-mai\/"},"wordCount":402,"commentCount":0,"image":{"@id":"https:\/\/brain.wales\/cy\/2023\/05\/pob-hwyl-a-gemau-ymennydd-edrych-yn-ol-ar-fis-mai\/#primaryimage"},"thumbnailUrl":"https:\/\/brain.wales\/wp-content\/uploads\/2023\/06\/Fwf52h3WAAAcFGC-1.jpg","keywords":["Prydain Fawr"],"articleSection":["Heb ei gategoreiddio"],"inLanguage":"cy-GB"},{"@type":"WebPage","@id":"https:\/\/brain.wales\/cy\/2023\/05\/pob-hwyl-a-gemau-ymennydd-edrych-yn-ol-ar-fis-mai\/","url":"https:\/\/brain.wales\/cy\/2023\/05\/pob-hwyl-a-gemau-ymennydd-edrych-yn-ol-ar-fis-mai\/","name":"Pob hwyl a gemau YMENNYDD: Edrych yn \u00f4l ar fis Mai - Ymennydd Cymru","isPartOf":{"@id":"https:\/\/brain.wales\/cy\/#website"},"primaryImageOfPage":{"@id":"https:\/\/brain.wales\/cy\/2023\/05\/pob-hwyl-a-gemau-ymennydd-edrych-yn-ol-ar-fis-mai\/#primaryimage"},"image":{"@id":"https:\/\/brain.wales\/cy\/2023\/05\/pob-hwyl-a-gemau-ymennydd-edrych-yn-ol-ar-fis-mai\/#primaryimage"},"thumbnailUrl":"https:\/\/brain.wales\/wp-content\/uploads\/2023\/06\/Fwf52h3WAAAcFGC-1.jpg","datePublished":"2023-05-30T11:58:45+00:00","dateModified":"2026-04-10T13:13:20+00:00","author":{"@id":"https:\/\/brain.wales\/cy\/#\/schema\/person\/598c1f94402b0f22bb572164b1fd9131"},"breadcrumb":{"@id":"https:\/\/brain.wales\/cy\/2023\/05\/pob-hwyl-a-gemau-ymennydd-edrych-yn-ol-ar-fis-mai\/#breadcrumb"},"inLanguage":"cy-GB","potentialAction":[{"@type":"ReadAction","target":["https:\/\/brain.wales\/cy\/2023\/05\/pob-hwyl-a-gemau-ymennydd-edrych-yn-ol-ar-fis-mai\/"]}]},{"@type":"ImageObject","inLanguage":"cy-GB","@id":"https:\/\/brain.wales\/cy\/2023\/05\/pob-hwyl-a-gemau-ymennydd-edrych-yn-ol-ar-fis-mai\/#primaryimage","url":"https:\/\/brain.wales\/wp-content\/uploads\/2023\/06\/Fwf52h3WAAAcFGC-1.jpg","contentUrl":"https:\/\/brain.wales\/wp-content\/uploads\/2023\/06\/Fwf52h3WAAAcFGC-1.jpg","width":680,"height":510},{"@type":"BreadcrumbList","@id":"https:\/\/brain.wales\/cy\/2023\/05\/pob-hwyl-a-gemau-ymennydd-edrych-yn-ol-ar-fis-mai\/#breadcrumb","itemListElement":[{"@type":"ListItem","position":1,"name":"Cartref","item":"https:\/\/brain.wales\/cy\/"},{"@type":"ListItem","position":2,"name":"Pob hwyl a gemau YMENNYDD: Edrych yn \u00f4l ar fis Mai"}]},{"@type":"WebSite","@id":"https:\/\/brain.wales\/cy\/#website","url":"https:\/\/brain.wales\/cy\/","name":"Ymennydd Cymru","description":"","potentialAction":[{"@type":"SearchAction","target":{"@type":"EntryPoint","urlTemplate":"https:\/\/brain.wales\/cy\/?s={search_term_string}"},"query-input":{"@type":"PropertyValueSpecification","valueRequired":true,"valueName":"search_term_string"}}],"inLanguage":"cy-GB"},{"@type":"Person","@id":"https:\/\/brain.wales\/cy\/#\/schema\/person\/598c1f94402b0f22bb572164b1fd9131","name":"Julia Pearce","image":{"@type":"ImageObject","inLanguage":"cy-GB","@id":"https:\/\/secure.gravatar.com\/avatar\/460770d3920523f570ae1e7857a1371e3ed53df21c53254f20ab5f9d3654bc95?s=96&d=mm&r=g","url":"https:\/\/secure.gravatar.com\/avatar\/460770d3920523f570ae1e7857a1371e3ed53df21c53254f20ab5f9d3654bc95?s=96&d=mm&r=g","contentUrl":"https:\/\/secure.gravatar.com\/avatar\/460770d3920523f570ae1e7857a1371e3ed53df21c53254f20ab5f9d3654bc95?s=96&d=mm&r=g","caption":"Julia Pearce"},"url":"https:\/\/brain.wales\/cy\/author\/juliapearce\/"}]}},"_links":{"self":[{"href":"https:\/\/brain.wales\/cy\/wp-json\/wp\/v2\/posts\/3732","targetHints":{"allow":["GET"]}}],"collection":[{"href":"https:\/\/brain.wales\/cy\/wp-json\/wp\/v2\/posts"}],"about":[{"href":"https:\/\/brain.wales\/cy\/wp-json\/wp\/v2\/types\/post"}],"author":[{"embeddable":true,"href":"https:\/\/brain.wales\/cy\/wp-json\/wp\/v2\/users\/5"}],"replies":[{"embeddable":true,"href":"https:\/\/brain.wales\/cy\/wp-json\/wp\/v2\/comments?post=3732"}],"version-history":[{"count":0,"href":"https:\/\/brain.wales\/cy\/wp-json\/wp\/v2\/posts\/3732\/revisions"}],"wp:featuredmedia":[{"embeddable":true,"href":"https:\/\/brain.wales\/cy\/wp-json\/wp\/v2\/media\/3555"}],"wp:attachment":[{"href":"https:\/\/brain.wales\/cy\/wp-json\/wp\/v2\/media?parent=3732"}],"wp:term":[{"taxonomy":"category","embeddable":true,"href":"https:\/\/brain.wales\/cy\/wp-json\/wp\/v2\/categories?post=3732"},{"taxonomy":"post_tag","embeddable":true,"href":"https:\/\/brain.wales\/cy\/wp-json\/wp\/v2\/tags?post=3732"}],"curies":[{"name":"wp","href":"https:\/\/api.w.org\/{rel}","templated":true}]}}